
			
				

					
				

			
		{"items":"\n\t\t\t\t\t\t\t\t\t\t\t\n<article id=\"post-2053\" class=\"wd-post blog-design-meta-image blog-post-loop blog-style-flat wd-col post-2053 post type-post status-publish format-standard hentry category-industry-news tag-tesla\">\n\t\n\t<div class=\"wd-post-thumb\">\n\t\t\t\t\t<div class=\"wd-post-img\">\n\t\t\t\t\t\t\t<\/div>\n\t\t\n\t\t\t\t<a class=\"wd-post-link wd-fill\" href=\"https:\/\/evnews.ma\/industry-news\/tesla-a-la-croisee-des-chemins\/\" rel=\"bookmark\" aria-label=\"Link on post Tesla \u00e0 la Crois\u00e9e des Chemins Les D\u00e9fis Croissants d&rsquo;un Pionnier des V\u00e9hicules \u00c9lectriques\"><\/a>\n\n\t\t\t\t\t<div class=\"wd-post-header\">\n\t\t\t\t\t\t\t<link rel=\"stylesheet\" id=\"wd-blog-mod-author-css\" href=\"https:\/\/evnews.ma\/wp-content\/themes\/woodmart\/css\/parts\/blog-mod-author.min.css?ver=8.2.5\" type=\"text\/css\" media=\"all\" \/> \t\t\t\t\t\t\t<div class=\"wd-post-author wd-meta-author\">\n\t\t\t\t\t\t\t\n\t\t\t\t\t<img alt='author-avatar' src='https:\/\/secure.gravatar.com\/avatar\/fe851fa594f3e9be9d58ed4f8bb190cbf95da889f550d1c731cc38e1e179d14b?s=22&#038;d=mm&#038;r=g' srcset='https:\/\/secure.gravatar.com\/avatar\/fe851fa594f3e9be9d58ed4f8bb190cbf95da889f550d1c731cc38e1e179d14b?s=44&#038;d=mm&#038;r=g 2x' class='avatar avatar-22 photo' height='22' width='22' decoding='async'\/>\t\t\n\t\t\t\t\t<a href=\"https:\/\/evnews.ma\/author\/salimzahidi\/\" class=\"author\" rel=\"author\">Salim Zahidi<\/a>\n\t\t\t\t\t\t\t\t<\/div>\n\n\t\t\t\t<div class=\"wd-post-actions\">\n\t\t\t\t\t\t\t\t\t\t\t<div class=\"wd-post-share wd-tltp\">\n\t\t\t\t\t\t\t<div class=\"tooltip top\">\n\t\t\t\t\t\t\t\t<div class=\"tooltip-inner\">\n\t\t\t\t\t\t\t\t\t\t\t\t<link rel=\"stylesheet\" id=\"wd-social-icons-css\" href=\"https:\/\/evnews.ma\/wp-content\/themes\/woodmart\/css\/parts\/el-social-icons.min.css?ver=8.2.5\" type=\"text\/css\" media=\"all\" \/> \t\t\t\t\t\t<div\n\t\t\t\t\t\tclass=\" wd-social-icons wd-style-default wd-size-small social-share wd-shape-circle color-scheme-light text-center\">\n\t\t\t\t\n\t\t\t\t\n\t\t\t\t\t\t\t\t\t<a rel=\"noopener noreferrer nofollow\" href=\"https:\/\/www.facebook.com\/sharer\/sharer.php?u=https:\/\/evnews.ma\/industry-news\/tesla-a-la-croisee-des-chemins\/\" target=\"_blank\" class=\" wd-social-icon social-facebook\" aria-label=\"Facebook social link\">\n\t\t\t\t\t\t<span class=\"wd-icon\"><\/span>\n\t\t\t\t\t\t\t\t\t\t\t<\/a>\n\t\t\t\t\n\t\t\t\t\t\t\t\t\t<a rel=\"noopener noreferrer nofollow\" href=\"https:\/\/x.com\/share?url=https:\/\/evnews.ma\/industry-news\/tesla-a-la-croisee-des-chemins\/\" target=\"_blank\" class=\" wd-social-icon social-twitter\" aria-label=\"X social link\">\n\t\t\t\t\t\t<span class=\"wd-icon\"><\/span>\n\t\t\t\t\t\t\t\t\t\t\t<\/a>\n\t\t\t\t\n\t\t\t\t\n\t\t\t\t\n\t\t\t\t\n\t\t\t\t\n\t\t\t\t\n\t\t\t\t\t\t\t\t\t<a rel=\"noopener noreferrer nofollow\" href=\"https:\/\/pinterest.com\/pin\/create\/button\/?url=https:\/\/evnews.ma\/industry-news\/tesla-a-la-croisee-des-chemins\/&media=https:\/\/evnews.ma\/wp-includes\/images\/media\/default.svg&description=Tesla+%C3%A0+la+Crois%C3%A9e+des+Chemins+Les+D%C3%A9fis+Croissants+d%26rsquo%3Bun+Pionnier+des+V%C3%A9hicules+%C3%89lectriques\" target=\"_blank\" class=\" wd-social-icon social-pinterest\" aria-label=\"Pinterest social link\">\n\t\t\t\t\t\t<span class=\"wd-icon\"><\/span>\n\t\t\t\t\t\t\t\t\t\t\t<\/a>\n\t\t\t\t\n\t\t\t\t\n\t\t\t\t\t\t\t\t\t<a rel=\"noopener noreferrer nofollow\" href=\"https:\/\/www.linkedin.com\/shareArticle?mini=true&url=https:\/\/evnews.ma\/industry-news\/tesla-a-la-croisee-des-chemins\/\" target=\"_blank\" class=\" wd-social-icon social-linkedin\" aria-label=\"Linkedin social link\">\n\t\t\t\t\t\t<span class=\"wd-icon\"><\/span>\n\t\t\t\t\t\t\t\t\t\t\t<\/a>\n\t\t\t\t\n\t\t\t\t\n\t\t\t\t\n\t\t\t\t\n\t\t\t\t\n\t\t\t\t\n\t\t\t\t\n\t\t\t\t\n\t\t\t\t\n\t\t\t\t\n\t\t\t\t\n\t\t\t\t\n\t\t\t\t\n\t\t\t\t\n\t\t\t\t\n\t\t\t\t\t\t\t\t\t<a rel=\"noopener noreferrer nofollow\" href=\"https:\/\/telegram.me\/share\/url?url=https:\/\/evnews.ma\/industry-news\/tesla-a-la-croisee-des-chemins\/\" target=\"_blank\" class=\" wd-social-icon social-tg\" aria-label=\"Telegram social link\">\n\t\t\t\t\t\t<span class=\"wd-icon\"><\/span>\n\t\t\t\t\t\t\t\t\t\t\t<\/a>\n\t\t\t\t\n\t\t\t\t\n\t\t\t<\/div>\n\n\t\t\t\t\t\t\t\t\t\t<\/div>\n\t\t\t\t\t\t\t\t<div class=\"tooltip-arrow\"><\/div>\n\t\t\t\t\t\t\t<\/div>\n\t\t\t\t\t\t<\/div>\n\t\t\t\t\t\n\t\t\t\t\t\t\t\t\t<\/div>\n\t\t\t<\/div>\n\t\t\t<\/div>\n\n\t<div class=\"wd-post-content\">\n\t\t<div class=\"wd-post-meta wd-post-entry-meta\">\n\t\t\t\n\t\t\t\t\t\t\t<div class=\"wd-post-cat wd-style-default\">\n\t\t\t\t\t<a href=\"https:\/\/evnews.ma\/category\/industry-news\/\" rel=\"category tag\">Industry News<\/a>\t\t\t\t<\/div>\n\t\t\t\n\t\t\t\t\t\t\t<div class=\"wd-post-date wd-style-default\">\n\t\t\t\t\t<time class=\"published\" datetime=\"2024-04-04T15:04:54+00:00\">\n\t\t\t\t\t\t04 Avr 2024\t\t\t\t\t<\/time>\n\t\t\t\t<\/div>\n\n\t\t\t\t<div class=\"wd-modified-date\">\n\t\t\t\t\t\t\t<time class=\"updated\" datetime=\"2025-08-23T11:22:25+00:00\">\n\t\t\tao\u00fbt 23, 2025\t\t<\/time>\n\t\t\t\t\t\t<\/div>\n\t\t\t\t\t<\/div>\n\n\t\t\t\t\t<h3 class=\"wd-post-title wd-entities-title title post-title\">\n\t\t\t\t<a href=\"https:\/\/evnews.ma\/industry-news\/tesla-a-la-croisee-des-chemins\/\" rel=\"bookmark\">\n\t\t\t\t\tTesla \u00e0 la Crois\u00e9e des Chemins Les D\u00e9fis Croissants d&rsquo;un Pionnier des V\u00e9hicules \u00c9lectriques\t\t\t\t<\/a>\n\t\t\t<\/h3>\n\t\t\n\t\t\t\t\t<div class=\"wd-post-excerpt\">\n\t\t\t\t\t\t\t\t\t\t\t\t\t\t\t\t<\/div>\n\t\t\n\t\t\t\t\t\t\t\t\t\t<div class=\"wd-post-read-more wd-style-link read-more-section\">\n\t\t\t\t\t\t<a class=\"\" href=\"https:\/\/evnews.ma\/industry-news\/tesla-a-la-croisee-des-chemins\/\">Continue reading<\/a>\t\t\t\t\t<\/div>\n\t\t\t\t\t\t\t<\/div>\n\n\t<\/article>\n\t\t\t\t\t\t\t\t\t\t\t\n<article id=\"post-2063\" class=\"wd-post blog-design-meta-image blog-post-loop blog-style-flat wd-col post-2063 post type-post status-publish format-standard has-post-thumbnail hentry category-industry-news tag-tesla\">\n\t\n\t<div class=\"wd-post-thumb color-scheme-light\">\n\t\t\t\t\t<div class=\"wd-post-img\">\n\t\t\t\t<img width=\"936\" height=\"528\" src=\"https:\/\/evnews.ma\/wp-content\/uploads\/2024\/06\/Tesla-nouvelle-offret-de-pret-de-0.jpg\" class=\"attachment-large size-large\" alt=\"Tesla nouvelle offret de pret de 0%\" decoding=\"async\" srcset=\"https:\/\/evnews.ma\/wp-content\/uploads\/2024\/06\/Tesla-nouvelle-offret-de-pret-de-0.jpg 936w, https:\/\/evnews.ma\/wp-content\/uploads\/2024\/06\/Tesla-nouvelle-offret-de-pret-de-0-150x85.jpg 150w, https:\/\/evnews.ma\/wp-content\/uploads\/2024\/06\/Tesla-nouvelle-offret-de-pret-de-0-600x338.jpg 600w, https:\/\/evnews.ma\/wp-content\/uploads\/2024\/06\/Tesla-nouvelle-offret-de-pret-de-0-300x169.jpg 300w, https:\/\/evnews.ma\/wp-content\/uploads\/2024\/06\/Tesla-nouvelle-offret-de-pret-de-0-768x433.jpg 768w\" sizes=\"(max-width: 936px) 100vw, 936px\" \/>\t\t\t<\/div>\n\t\t\n\t\t\t\t<a class=\"wd-post-link wd-fill\" href=\"https:\/\/evnews.ma\/industry-news\/tesla-nouvelle-offret-de-pret-de-0\/\" rel=\"bookmark\" aria-label=\"Link on post Tesla nouvelle offret de pret de 0%\"><\/a>\n\n\t\t\t\t\t<div class=\"wd-post-header\">\n\t\t\t\t\t\t\t\t<div class=\"wd-post-author wd-meta-author\">\n\t\t\t\t\t\t\t\n\t\t\t\t\t<img alt='author-avatar' src='https:\/\/secure.gravatar.com\/avatar\/fe851fa594f3e9be9d58ed4f8bb190cbf95da889f550d1c731cc38e1e179d14b?s=22&#038;d=mm&#038;r=g' srcset='https:\/\/secure.gravatar.com\/avatar\/fe851fa594f3e9be9d58ed4f8bb190cbf95da889f550d1c731cc38e1e179d14b?s=44&#038;d=mm&#038;r=g 2x' class='avatar avatar-22 photo' height='22' width='22' decoding='async'\/>\t\t\n\t\t\t\t\t<a href=\"https:\/\/evnews.ma\/author\/salimzahidi\/\" class=\"author\" rel=\"author\">Salim Zahidi<\/a>\n\t\t\t\t\t\t\t\t<\/div>\n\n\t\t\t\t<div class=\"wd-post-actions\">\n\t\t\t\t\t\t\t\t\t\t\t<div class=\"wd-post-share wd-tltp\">\n\t\t\t\t\t\t\t<div class=\"tooltip top\">\n\t\t\t\t\t\t\t\t<div class=\"tooltip-inner\">\n\t\t\t\t\t\t\t\t\t\t\t\t<div\n\t\t\t\t\t\tclass=\" wd-social-icons wd-style-default wd-size-small social-share wd-shape-circle color-scheme-light text-center\">\n\t\t\t\t\n\t\t\t\t\n\t\t\t\t\t\t\t\t\t<a rel=\"noopener noreferrer nofollow\" href=\"https:\/\/www.facebook.com\/sharer\/sharer.php?u=https:\/\/evnews.ma\/industry-news\/tesla-nouvelle-offret-de-pret-de-0\/\" target=\"_blank\" class=\" wd-social-icon social-facebook\" aria-label=\"Facebook social link\">\n\t\t\t\t\t\t<span class=\"wd-icon\"><\/span>\n\t\t\t\t\t\t\t\t\t\t\t<\/a>\n\t\t\t\t\n\t\t\t\t\t\t\t\t\t<a rel=\"noopener noreferrer nofollow\" href=\"https:\/\/x.com\/share?url=https:\/\/evnews.ma\/industry-news\/tesla-nouvelle-offret-de-pret-de-0\/\" target=\"_blank\" class=\" wd-social-icon social-twitter\" aria-label=\"X social link\">\n\t\t\t\t\t\t<span class=\"wd-icon\"><\/span>\n\t\t\t\t\t\t\t\t\t\t\t<\/a>\n\t\t\t\t\n\t\t\t\t\n\t\t\t\t\n\t\t\t\t\n\t\t\t\t\n\t\t\t\t\n\t\t\t\t\t\t\t\t\t<a rel=\"noopener noreferrer nofollow\" href=\"https:\/\/pinterest.com\/pin\/create\/button\/?url=https:\/\/evnews.ma\/industry-news\/tesla-nouvelle-offret-de-pret-de-0\/&media=https:\/\/evnews.ma\/wp-content\/uploads\/2024\/06\/Tesla-nouvelle-offret-de-pret-de-0.jpg&description=Tesla+nouvelle+offret+de+pret+de+0%25\" target=\"_blank\" class=\" wd-social-icon social-pinterest\" aria-label=\"Pinterest social link\">\n\t\t\t\t\t\t<span class=\"wd-icon\"><\/span>\n\t\t\t\t\t\t\t\t\t\t\t<\/a>\n\t\t\t\t\n\t\t\t\t\n\t\t\t\t\t\t\t\t\t<a rel=\"noopener noreferrer nofollow\" href=\"https:\/\/www.linkedin.com\/shareArticle?mini=true&url=https:\/\/evnews.ma\/industry-news\/tesla-nouvelle-offret-de-pret-de-0\/\" target=\"_blank\" class=\" wd-social-icon social-linkedin\" aria-label=\"Linkedin social link\">\n\t\t\t\t\t\t<span class=\"wd-icon\"><\/span>\n\t\t\t\t\t\t\t\t\t\t\t<\/a>\n\t\t\t\t\n\t\t\t\t\n\t\t\t\t\n\t\t\t\t\n\t\t\t\t\n\t\t\t\t\n\t\t\t\t\n\t\t\t\t\n\t\t\t\t\n\t\t\t\t\n\t\t\t\t\n\t\t\t\t\n\t\t\t\t\n\t\t\t\t\n\t\t\t\t\n\t\t\t\t\t\t\t\t\t<a rel=\"noopener noreferrer nofollow\" href=\"https:\/\/telegram.me\/share\/url?url=https:\/\/evnews.ma\/industry-news\/tesla-nouvelle-offret-de-pret-de-0\/\" target=\"_blank\" class=\" wd-social-icon social-tg\" aria-label=\"Telegram social link\">\n\t\t\t\t\t\t<span class=\"wd-icon\"><\/span>\n\t\t\t\t\t\t\t\t\t\t\t<\/a>\n\t\t\t\t\n\t\t\t\t\n\t\t\t<\/div>\n\n\t\t\t\t\t\t\t\t\t\t<\/div>\n\t\t\t\t\t\t\t\t<div class=\"tooltip-arrow\"><\/div>\n\t\t\t\t\t\t\t<\/div>\n\t\t\t\t\t\t<\/div>\n\t\t\t\t\t\n\t\t\t\t\t\t\t\t\t<\/div>\n\t\t\t<\/div>\n\t\t\t<\/div>\n\n\t<div class=\"wd-post-content\">\n\t\t<div class=\"wd-post-meta wd-post-entry-meta\">\n\t\t\t\n\t\t\t\t\t\t\t<div class=\"wd-post-cat wd-style-default\">\n\t\t\t\t\t<a href=\"https:\/\/evnews.ma\/category\/industry-news\/\" rel=\"category tag\">Industry News<\/a>\t\t\t\t<\/div>\n\t\t\t\n\t\t\t\t\t\t\t<div class=\"wd-post-date wd-style-default\">\n\t\t\t\t\t<time class=\"published\" datetime=\"2024-04-03T15:33:42+00:00\">\n\t\t\t\t\t\t03 Avr 2024\t\t\t\t\t<\/time>\n\t\t\t\t<\/div>\n\n\t\t\t\t<div class=\"wd-modified-date\">\n\t\t\t\t\t\t\t<time class=\"updated\" datetime=\"2025-08-23T11:22:25+00:00\">\n\t\t\tao\u00fbt 23, 2025\t\t<\/time>\n\t\t\t\t\t\t<\/div>\n\t\t\t\t\t<\/div>\n\n\t\t\t\t\t<h3 class=\"wd-post-title wd-entities-title title post-title\">\n\t\t\t\t<a href=\"https:\/\/evnews.ma\/industry-news\/tesla-nouvelle-offret-de-pret-de-0\/\" rel=\"bookmark\">\n\t\t\t\t\tTesla nouvelle offret de pret de 0%\t\t\t\t<\/a>\n\t\t\t<\/h3>\n\t\t\n\t\t\t\t\t<div class=\"wd-post-excerpt\">\n\t\t\t\t\t\t\t\t\t\t\t\t\t\t\t\t<\/div>\n\t\t\n\t\t\t\t\t\t\t\t\t\t<div class=\"wd-post-read-more wd-style-link read-more-section\">\n\t\t\t\t\t\t<a class=\"\" href=\"https:\/\/evnews.ma\/industry-news\/tesla-nouvelle-offret-de-pret-de-0\/\">Continue reading<\/a>\t\t\t\t\t<\/div>\n\t\t\t\t\t\t\t<\/div>\n\n\t<\/article>\n\t\t\t\t\t\t\t\t\t\t\t\n<article id=\"post-2102\" class=\"wd-post blog-design-meta-image blog-post-loop blog-style-flat wd-col post-2102 post type-post status-publish format-standard has-post-thumbnail hentry category-technology tag-bev tag-featured tag-hev tag-phev\">\n\t\n\t<div class=\"wd-post-thumb color-scheme-light\">\n\t\t\t\t\t<div class=\"wd-post-img\">\n\t\t\t\t<img width=\"936\" height=\"536\" src=\"https:\/\/evnews.ma\/wp-content\/uploads\/2024\/06\/HEV-PHEV-ou-BEV-Toyota-et-la-Gestion-des-Batteries-.jpg\" class=\"attachment-large size-large\" alt=\"HEV, PHEV ou BEV ? Toyota et la Gestion des Batteries\" decoding=\"async\" srcset=\"https:\/\/evnews.ma\/wp-content\/uploads\/2024\/06\/HEV-PHEV-ou-BEV-Toyota-et-la-Gestion-des-Batteries-.jpg 936w, https:\/\/evnews.ma\/wp-content\/uploads\/2024\/06\/HEV-PHEV-ou-BEV-Toyota-et-la-Gestion-des-Batteries--150x86.jpg 150w, https:\/\/evnews.ma\/wp-content\/uploads\/2024\/06\/HEV-PHEV-ou-BEV-Toyota-et-la-Gestion-des-Batteries--600x344.jpg 600w, https:\/\/evnews.ma\/wp-content\/uploads\/2024\/06\/HEV-PHEV-ou-BEV-Toyota-et-la-Gestion-des-Batteries--300x172.jpg 300w, https:\/\/evnews.ma\/wp-content\/uploads\/2024\/06\/HEV-PHEV-ou-BEV-Toyota-et-la-Gestion-des-Batteries--768x440.jpg 768w\" sizes=\"(max-width: 936px) 100vw, 936px\" \/>\t\t\t<\/div>\n\t\t\n\t\t\t\t<a class=\"wd-post-link wd-fill\" href=\"https:\/\/evnews.ma\/technology\/hev-phev-ou-bev-toyota-et-la-gestion-des-batteries\/\" rel=\"bookmark\" aria-label=\"Link on post HEV, PHEV ou BEV ? Toyota et la Gestion des Batteries\"><\/a>\n\n\t\t\t\t\t<div class=\"wd-post-header\">\n\t\t\t\t\t\t\t\t<div class=\"wd-post-author wd-meta-author\">\n\t\t\t\t\t\t\t\n\t\t\t\t\t<img alt='author-avatar' src='https:\/\/secure.gravatar.com\/avatar\/fe851fa594f3e9be9d58ed4f8bb190cbf95da889f550d1c731cc38e1e179d14b?s=22&#038;d=mm&#038;r=g' srcset='https:\/\/secure.gravatar.com\/avatar\/fe851fa594f3e9be9d58ed4f8bb190cbf95da889f550d1c731cc38e1e179d14b?s=44&#038;d=mm&#038;r=g 2x' class='avatar avatar-22 photo' height='22' width='22' decoding='async'\/>\t\t\n\t\t\t\t\t<a href=\"https:\/\/evnews.ma\/author\/salimzahidi\/\" class=\"author\" rel=\"author\">Salim Zahidi<\/a>\n\t\t\t\t\t\t\t\t<\/div>\n\n\t\t\t\t<div class=\"wd-post-actions\">\n\t\t\t\t\t\t\t\t\t\t\t<div class=\"wd-post-share wd-tltp\">\n\t\t\t\t\t\t\t<div class=\"tooltip top\">\n\t\t\t\t\t\t\t\t<div class=\"tooltip-inner\">\n\t\t\t\t\t\t\t\t\t\t\t\t<div\n\t\t\t\t\t\tclass=\" wd-social-icons wd-style-default wd-size-small social-share wd-shape-circle color-scheme-light text-center\">\n\t\t\t\t\n\t\t\t\t\n\t\t\t\t\t\t\t\t\t<a rel=\"noopener noreferrer nofollow\" href=\"https:\/\/www.facebook.com\/sharer\/sharer.php?u=https:\/\/evnews.ma\/technology\/hev-phev-ou-bev-toyota-et-la-gestion-des-batteries\/\" target=\"_blank\" class=\" wd-social-icon social-facebook\" aria-label=\"Facebook social link\">\n\t\t\t\t\t\t<span class=\"wd-icon\"><\/span>\n\t\t\t\t\t\t\t\t\t\t\t<\/a>\n\t\t\t\t\n\t\t\t\t\t\t\t\t\t<a rel=\"noopener noreferrer nofollow\" href=\"https:\/\/x.com\/share?url=https:\/\/evnews.ma\/technology\/hev-phev-ou-bev-toyota-et-la-gestion-des-batteries\/\" target=\"_blank\" class=\" wd-social-icon social-twitter\" aria-label=\"X social link\">\n\t\t\t\t\t\t<span class=\"wd-icon\"><\/span>\n\t\t\t\t\t\t\t\t\t\t\t<\/a>\n\t\t\t\t\n\t\t\t\t\n\t\t\t\t\n\t\t\t\t\n\t\t\t\t\n\t\t\t\t\n\t\t\t\t\t\t\t\t\t<a rel=\"noopener noreferrer nofollow\" href=\"https:\/\/pinterest.com\/pin\/create\/button\/?url=https:\/\/evnews.ma\/technology\/hev-phev-ou-bev-toyota-et-la-gestion-des-batteries\/&media=https:\/\/evnews.ma\/wp-content\/uploads\/2024\/06\/HEV-PHEV-ou-BEV-Toyota-et-la-Gestion-des-Batteries-.jpg&description=HEV%2C+PHEV+ou+BEV+%3F+Toyota+et+la+Gestion+des+Batteries\" target=\"_blank\" class=\" wd-social-icon social-pinterest\" aria-label=\"Pinterest social link\">\n\t\t\t\t\t\t<span class=\"wd-icon\"><\/span>\n\t\t\t\t\t\t\t\t\t\t\t<\/a>\n\t\t\t\t\n\t\t\t\t\n\t\t\t\t\t\t\t\t\t<a rel=\"noopener noreferrer nofollow\" href=\"https:\/\/www.linkedin.com\/shareArticle?mini=true&url=https:\/\/evnews.ma\/technology\/hev-phev-ou-bev-toyota-et-la-gestion-des-batteries\/\" target=\"_blank\" class=\" wd-social-icon social-linkedin\" aria-label=\"Linkedin social link\">\n\t\t\t\t\t\t<span class=\"wd-icon\"><\/span>\n\t\t\t\t\t\t\t\t\t\t\t<\/a>\n\t\t\t\t\n\t\t\t\t\n\t\t\t\t\n\t\t\t\t\n\t\t\t\t\n\t\t\t\t\n\t\t\t\t\n\t\t\t\t\n\t\t\t\t\n\t\t\t\t\n\t\t\t\t\n\t\t\t\t\n\t\t\t\t\n\t\t\t\t\n\t\t\t\t\n\t\t\t\t\t\t\t\t\t<a rel=\"noopener noreferrer nofollow\" href=\"https:\/\/telegram.me\/share\/url?url=https:\/\/evnews.ma\/technology\/hev-phev-ou-bev-toyota-et-la-gestion-des-batteries\/\" target=\"_blank\" class=\" wd-social-icon social-tg\" aria-label=\"Telegram social link\">\n\t\t\t\t\t\t<span class=\"wd-icon\"><\/span>\n\t\t\t\t\t\t\t\t\t\t\t<\/a>\n\t\t\t\t\n\t\t\t\t\n\t\t\t<\/div>\n\n\t\t\t\t\t\t\t\t\t\t<\/div>\n\t\t\t\t\t\t\t\t<div class=\"tooltip-arrow\"><\/div>\n\t\t\t\t\t\t\t<\/div>\n\t\t\t\t\t\t<\/div>\n\t\t\t\t\t\n\t\t\t\t\t\t\t\t\t<\/div>\n\t\t\t<\/div>\n\t\t\t<\/div>\n\n\t<div class=\"wd-post-content\">\n\t\t<div class=\"wd-post-meta wd-post-entry-meta\">\n\t\t\t\n\t\t\t\t\t\t\t<div class=\"wd-post-cat wd-style-default\">\n\t\t\t\t\t<a href=\"https:\/\/evnews.ma\/category\/technology\/\" rel=\"category tag\">Technology<\/a>\t\t\t\t<\/div>\n\t\t\t\n\t\t\t\t\t\t\t<div class=\"wd-post-date wd-style-default\">\n\t\t\t\t\t<time class=\"published\" datetime=\"2024-04-01T18:21:06+00:00\">\n\t\t\t\t\t\t01 Avr 2024\t\t\t\t\t<\/time>\n\t\t\t\t<\/div>\n\n\t\t\t\t<div class=\"wd-modified-date\">\n\t\t\t\t\t\t\t<time class=\"updated\" datetime=\"2025-08-23T11:22:26+00:00\">\n\t\t\tao\u00fbt 23, 2025\t\t<\/time>\n\t\t\t\t\t\t<\/div>\n\t\t\t\t\t<\/div>\n\n\t\t\t\t\t<h3 class=\"wd-post-title wd-entities-title title post-title\">\n\t\t\t\t<a href=\"https:\/\/evnews.ma\/technology\/hev-phev-ou-bev-toyota-et-la-gestion-des-batteries\/\" rel=\"bookmark\">\n\t\t\t\t\tHEV, PHEV ou BEV ? Toyota et la Gestion des Batteries\t\t\t\t<\/a>\n\t\t\t<\/h3>\n\t\t\n\t\t\t\t\t<div class=\"wd-post-excerpt\">\n\t\t\t\t\t\t\t\t\t\t\t\t\t\t\t\t<\/div>\n\t\t\n\t\t\t\t\t\t\t\t\t\t<div class=\"wd-post-read-more wd-style-link read-more-section\">\n\t\t\t\t\t\t<a class=\"\" href=\"https:\/\/evnews.ma\/technology\/hev-phev-ou-bev-toyota-et-la-gestion-des-batteries\/\">Continue reading<\/a>\t\t\t\t\t<\/div>\n\t\t\t\t\t\t\t<\/div>\n\n\t<\/article>\n\t\t\t\t\t\t\t\t\t\t\t\n<article id=\"post-2157\" class=\"wd-post blog-design-meta-image blog-post-loop blog-style-flat wd-col post-2157 post type-post status-publish format-standard has-post-thumbnail hentry category-industry-news tag-china tag-usa\">\n\t\n\t<div class=\"wd-post-thumb color-scheme-light\">\n\t\t\t\t\t<div class=\"wd-post-img\">\n\t\t\t\t<img width=\"936\" height=\"526\" src=\"https:\/\/evnews.ma\/wp-content\/uploads\/2024\/07\/la-domination.jpg\" class=\"attachment-large size-large\" alt=\"La Domination de la Fabrication de VE par la Chine et le Paradoxe de la Politique de Biden\" decoding=\"async\" srcset=\"https:\/\/evnews.ma\/wp-content\/uploads\/2024\/07\/la-domination.jpg 936w, https:\/\/evnews.ma\/wp-content\/uploads\/2024\/07\/la-domination-150x84.jpg 150w, https:\/\/evnews.ma\/wp-content\/uploads\/2024\/07\/la-domination-600x337.jpg 600w, https:\/\/evnews.ma\/wp-content\/uploads\/2024\/07\/la-domination-300x169.jpg 300w, https:\/\/evnews.ma\/wp-content\/uploads\/2024\/07\/la-domination-768x432.jpg 768w\" sizes=\"(max-width: 936px) 100vw, 936px\" \/>\t\t\t<\/div>\n\t\t\n\t\t\t\t<a class=\"wd-post-link wd-fill\" href=\"https:\/\/evnews.ma\/industry-news\/la-domination-de-la-fabrication-de-ve-par-la-chine-et-le-paradoxe-de-la-politique-de-biden\/\" rel=\"bookmark\" aria-label=\"Link on post La Domination de la Fabrication de VE par la Chine et le Paradoxe de la Politique de Biden\"><\/a>\n\n\t\t\t\t\t<div class=\"wd-post-header\">\n\t\t\t\t\t\t\t\t<div class=\"wd-post-author wd-meta-author\">\n\t\t\t\t\t\t\t\n\t\t\t\t\t<img alt='author-avatar' src='https:\/\/secure.gravatar.com\/avatar\/fe851fa594f3e9be9d58ed4f8bb190cbf95da889f550d1c731cc38e1e179d14b?s=22&#038;d=mm&#038;r=g' srcset='https:\/\/secure.gravatar.com\/avatar\/fe851fa594f3e9be9d58ed4f8bb190cbf95da889f550d1c731cc38e1e179d14b?s=44&#038;d=mm&#038;r=g 2x' class='avatar avatar-22 photo' height='22' width='22' decoding='async'\/>\t\t\n\t\t\t\t\t<a href=\"https:\/\/evnews.ma\/author\/salimzahidi\/\" class=\"author\" rel=\"author\">Salim Zahidi<\/a>\n\t\t\t\t\t\t\t\t<\/div>\n\n\t\t\t\t<div class=\"wd-post-actions\">\n\t\t\t\t\t\t\t\t\t\t\t<div class=\"wd-post-share wd-tltp\">\n\t\t\t\t\t\t\t<div class=\"tooltip top\">\n\t\t\t\t\t\t\t\t<div class=\"tooltip-inner\">\n\t\t\t\t\t\t\t\t\t\t\t\t<div\n\t\t\t\t\t\tclass=\" wd-social-icons wd-style-default wd-size-small social-share wd-shape-circle color-scheme-light text-center\">\n\t\t\t\t\n\t\t\t\t\n\t\t\t\t\t\t\t\t\t<a rel=\"noopener noreferrer nofollow\" href=\"https:\/\/www.facebook.com\/sharer\/sharer.php?u=https:\/\/evnews.ma\/industry-news\/la-domination-de-la-fabrication-de-ve-par-la-chine-et-le-paradoxe-de-la-politique-de-biden\/\" target=\"_blank\" class=\" wd-social-icon social-facebook\" aria-label=\"Facebook social link\">\n\t\t\t\t\t\t<span class=\"wd-icon\"><\/span>\n\t\t\t\t\t\t\t\t\t\t\t<\/a>\n\t\t\t\t\n\t\t\t\t\t\t\t\t\t<a rel=\"noopener noreferrer nofollow\" href=\"https:\/\/x.com\/share?url=https:\/\/evnews.ma\/industry-news\/la-domination-de-la-fabrication-de-ve-par-la-chine-et-le-paradoxe-de-la-politique-de-biden\/\" target=\"_blank\" class=\" wd-social-icon social-twitter\" aria-label=\"X social link\">\n\t\t\t\t\t\t<span class=\"wd-icon\"><\/span>\n\t\t\t\t\t\t\t\t\t\t\t<\/a>\n\t\t\t\t\n\t\t\t\t\n\t\t\t\t\n\t\t\t\t\n\t\t\t\t\n\t\t\t\t\n\t\t\t\t\t\t\t\t\t<a rel=\"noopener noreferrer nofollow\" href=\"https:\/\/pinterest.com\/pin\/create\/button\/?url=https:\/\/evnews.ma\/industry-news\/la-domination-de-la-fabrication-de-ve-par-la-chine-et-le-paradoxe-de-la-politique-de-biden\/&media=https:\/\/evnews.ma\/wp-content\/uploads\/2024\/07\/la-domination.jpg&description=La+Domination+de+la+Fabrication+de+VE+par+la+Chine+et+le+Paradoxe+de+la+Politique+de+Biden\" target=\"_blank\" class=\" wd-social-icon social-pinterest\" aria-label=\"Pinterest social link\">\n\t\t\t\t\t\t<span class=\"wd-icon\"><\/span>\n\t\t\t\t\t\t\t\t\t\t\t<\/a>\n\t\t\t\t\n\t\t\t\t\n\t\t\t\t\t\t\t\t\t<a rel=\"noopener noreferrer nofollow\" href=\"https:\/\/www.linkedin.com\/shareArticle?mini=true&url=https:\/\/evnews.ma\/industry-news\/la-domination-de-la-fabrication-de-ve-par-la-chine-et-le-paradoxe-de-la-politique-de-biden\/\" target=\"_blank\" class=\" wd-social-icon social-linkedin\" aria-label=\"Linkedin social link\">\n\t\t\t\t\t\t<span class=\"wd-icon\"><\/span>\n\t\t\t\t\t\t\t\t\t\t\t<\/a>\n\t\t\t\t\n\t\t\t\t\n\t\t\t\t\n\t\t\t\t\n\t\t\t\t\n\t\t\t\t\n\t\t\t\t\n\t\t\t\t\n\t\t\t\t\n\t\t\t\t\n\t\t\t\t\n\t\t\t\t\n\t\t\t\t\n\t\t\t\t\n\t\t\t\t\n\t\t\t\t\t\t\t\t\t<a rel=\"noopener noreferrer nofollow\" href=\"https:\/\/telegram.me\/share\/url?url=https:\/\/evnews.ma\/industry-news\/la-domination-de-la-fabrication-de-ve-par-la-chine-et-le-paradoxe-de-la-politique-de-biden\/\" target=\"_blank\" class=\" wd-social-icon social-tg\" aria-label=\"Telegram social link\">\n\t\t\t\t\t\t<span class=\"wd-icon\"><\/span>\n\t\t\t\t\t\t\t\t\t\t\t<\/a>\n\t\t\t\t\n\t\t\t\t\n\t\t\t<\/div>\n\n\t\t\t\t\t\t\t\t\t\t<\/div>\n\t\t\t\t\t\t\t\t<div class=\"tooltip-arrow\"><\/div>\n\t\t\t\t\t\t\t<\/div>\n\t\t\t\t\t\t<\/div>\n\t\t\t\t\t\n\t\t\t\t\t\t\t\t\t<\/div>\n\t\t\t<\/div>\n\t\t\t<\/div>\n\n\t<div class=\"wd-post-content\">\n\t\t<div class=\"wd-post-meta wd-post-entry-meta\">\n\t\t\t\n\t\t\t\t\t\t\t<div class=\"wd-post-cat wd-style-default\">\n\t\t\t\t\t<a href=\"https:\/\/evnews.ma\/category\/industry-news\/\" rel=\"category tag\">Industry News<\/a>\t\t\t\t<\/div>\n\t\t\t\n\t\t\t\t\t\t\t<div class=\"wd-post-date wd-style-default\">\n\t\t\t\t\t<time class=\"published\" datetime=\"2024-04-01T10:44:17+00:00\">\n\t\t\t\t\t\t01 Avr 2024\t\t\t\t\t<\/time>\n\t\t\t\t<\/div>\n\n\t\t\t\t<div class=\"wd-modified-date\">\n\t\t\t\t\t\t\t<time class=\"updated\" datetime=\"2025-08-23T11:22:27+00:00\">\n\t\t\tao\u00fbt 23, 2025\t\t<\/time>\n\t\t\t\t\t\t<\/div>\n\t\t\t\t\t<\/div>\n\n\t\t\t\t\t<h3 class=\"wd-post-title wd-entities-title title post-title\">\n\t\t\t\t<a href=\"https:\/\/evnews.ma\/industry-news\/la-domination-de-la-fabrication-de-ve-par-la-chine-et-le-paradoxe-de-la-politique-de-biden\/\" rel=\"bookmark\">\n\t\t\t\t\tLa Domination de la Fabrication de VE par la Chine et le Paradoxe de la Politique de Biden\t\t\t\t<\/a>\n\t\t\t<\/h3>\n\t\t\n\t\t\t\t\t<div class=\"wd-post-excerpt\">\n\t\t\t\t\t\t\t\t\t\t\t\t\t\t\t\t<\/div>\n\t\t\n\t\t\t\t\t\t\t\t\t\t<div class=\"wd-post-read-more wd-style-link read-more-section\">\n\t\t\t\t\t\t<a class=\"\" href=\"https:\/\/evnews.ma\/industry-news\/la-domination-de-la-fabrication-de-ve-par-la-chine-et-le-paradoxe-de-la-politique-de-biden\/\">Continue reading<\/a>\t\t\t\t\t<\/div>\n\t\t\t\t\t\t\t<\/div>\n\n\t<\/article>\n\t\t\t\t\t\t\t\t\t\t\t\n<article id=\"post-2122\" class=\"wd-post blog-design-meta-image blog-post-loop blog-style-flat wd-col post-2122 post type-post status-publish format-image hentry category-industry-news tag-ev tag-study post_format-post-format-image\">\n\t\n\t<div class=\"wd-post-thumb\">\n\t\t\t\t\t<div class=\"wd-post-img\">\n\t\t\t\t\t\t\t<\/div>\n\t\t\n\t\t\t\t<a class=\"wd-post-link wd-fill\" href=\"https:\/\/evnews.ma\/industry-news\/vehicules-electriques-vs-voitures-a-essence-conduire-un-ve-est-il-plus-economique\/\" rel=\"bookmark\" aria-label=\"Link on post V\u00e9hicules \u00c9lectriques vs. Voitures \u00e0 Essence : Conduire un VE est-il Plus \u00c9conomique ?\"><\/a>\n\n\t\t\t\t\t<div class=\"wd-post-header\">\n\t\t\t\t\t\t\t\t<div class=\"wd-post-author wd-meta-author\">\n\t\t\t\t\t\t\t\n\t\t\t\t\t<img alt='author-avatar' src='https:\/\/secure.gravatar.com\/avatar\/fe851fa594f3e9be9d58ed4f8bb190cbf95da889f550d1c731cc38e1e179d14b?s=22&#038;d=mm&#038;r=g' srcset='https:\/\/secure.gravatar.com\/avatar\/fe851fa594f3e9be9d58ed4f8bb190cbf95da889f550d1c731cc38e1e179d14b?s=44&#038;d=mm&#038;r=g 2x' class='avatar avatar-22 photo' height='22' width='22' decoding='async'\/>\t\t\n\t\t\t\t\t<a href=\"https:\/\/evnews.ma\/author\/salimzahidi\/\" class=\"author\" rel=\"author\">Salim Zahidi<\/a>\n\t\t\t\t\t\t\t\t<\/div>\n\n\t\t\t\t<div class=\"wd-post-actions\">\n\t\t\t\t\t\t\t\t\t\t\t<div class=\"wd-post-share wd-tltp\">\n\t\t\t\t\t\t\t<div class=\"tooltip top\">\n\t\t\t\t\t\t\t\t<div class=\"tooltip-inner\">\n\t\t\t\t\t\t\t\t\t\t\t\t<div\n\t\t\t\t\t\tclass=\" wd-social-icons wd-style-default wd-size-small social-share wd-shape-circle color-scheme-light text-center\">\n\t\t\t\t\n\t\t\t\t\n\t\t\t\t\t\t\t\t\t<a rel=\"noopener noreferrer nofollow\" href=\"https:\/\/www.facebook.com\/sharer\/sharer.php?u=https:\/\/evnews.ma\/industry-news\/vehicules-electriques-vs-voitures-a-essence-conduire-un-ve-est-il-plus-economique\/\" target=\"_blank\" class=\" wd-social-icon social-facebook\" aria-label=\"Facebook social link\">\n\t\t\t\t\t\t<span class=\"wd-icon\"><\/span>\n\t\t\t\t\t\t\t\t\t\t\t<\/a>\n\t\t\t\t\n\t\t\t\t\t\t\t\t\t<a rel=\"noopener noreferrer nofollow\" href=\"https:\/\/x.com\/share?url=https:\/\/evnews.ma\/industry-news\/vehicules-electriques-vs-voitures-a-essence-conduire-un-ve-est-il-plus-economique\/\" target=\"_blank\" class=\" wd-social-icon social-twitter\" aria-label=\"X social link\">\n\t\t\t\t\t\t<span class=\"wd-icon\"><\/span>\n\t\t\t\t\t\t\t\t\t\t\t<\/a>\n\t\t\t\t\n\t\t\t\t\n\t\t\t\t\n\t\t\t\t\n\t\t\t\t\n\t\t\t\t\n\t\t\t\t\t\t\t\t\t<a rel=\"noopener noreferrer nofollow\" href=\"https:\/\/pinterest.com\/pin\/create\/button\/?url=https:\/\/evnews.ma\/industry-news\/vehicules-electriques-vs-voitures-a-essence-conduire-un-ve-est-il-plus-economique\/&media=https:\/\/evnews.ma\/wp-includes\/images\/media\/default.svg&description=V%C3%A9hicules+%C3%89lectriques+vs.+Voitures+%C3%A0+Essence+%3A+Conduire+un+VE+est-il+Plus+%C3%89conomique+%3F\" target=\"_blank\" class=\" wd-social-icon social-pinterest\" aria-label=\"Pinterest social link\">\n\t\t\t\t\t\t<span class=\"wd-icon\"><\/span>\n\t\t\t\t\t\t\t\t\t\t\t<\/a>\n\t\t\t\t\n\t\t\t\t\n\t\t\t\t\t\t\t\t\t<a rel=\"noopener noreferrer nofollow\" href=\"https:\/\/www.linkedin.com\/shareArticle?mini=true&url=https:\/\/evnews.ma\/industry-news\/vehicules-electriques-vs-voitures-a-essence-conduire-un-ve-est-il-plus-economique\/\" target=\"_blank\" class=\" wd-social-icon social-linkedin\" aria-label=\"Linkedin social link\">\n\t\t\t\t\t\t<span class=\"wd-icon\"><\/span>\n\t\t\t\t\t\t\t\t\t\t\t<\/a>\n\t\t\t\t\n\t\t\t\t\n\t\t\t\t\n\t\t\t\t\n\t\t\t\t\n\t\t\t\t\n\t\t\t\t\n\t\t\t\t\n\t\t\t\t\n\t\t\t\t\n\t\t\t\t\n\t\t\t\t\n\t\t\t\t\n\t\t\t\t\n\t\t\t\t\n\t\t\t\t\t\t\t\t\t<a rel=\"noopener noreferrer nofollow\" href=\"https:\/\/telegram.me\/share\/url?url=https:\/\/evnews.ma\/industry-news\/vehicules-electriques-vs-voitures-a-essence-conduire-un-ve-est-il-plus-economique\/\" target=\"_blank\" class=\" wd-social-icon social-tg\" aria-label=\"Telegram social link\">\n\t\t\t\t\t\t<span class=\"wd-icon\"><\/span>\n\t\t\t\t\t\t\t\t\t\t\t<\/a>\n\t\t\t\t\n\t\t\t\t\n\t\t\t<\/div>\n\n\t\t\t\t\t\t\t\t\t\t<\/div>\n\t\t\t\t\t\t\t\t<div class=\"tooltip-arrow\"><\/div>\n\t\t\t\t\t\t\t<\/div>\n\t\t\t\t\t\t<\/div>\n\t\t\t\t\t\n\t\t\t\t\t\t\t\t\t<\/div>\n\t\t\t<\/div>\n\t\t\t<\/div>\n\n\t<div class=\"wd-post-content\">\n\t\t<div class=\"wd-post-meta wd-post-entry-meta\">\n\t\t\t\n\t\t\t\t\t\t\t<div class=\"wd-post-cat wd-style-default\">\n\t\t\t\t\t<a href=\"https:\/\/evnews.ma\/category\/industry-news\/\" rel=\"category tag\">Industry News<\/a>\t\t\t\t<\/div>\n\t\t\t\n\t\t\t\t\t\t\t<div class=\"wd-post-date wd-style-default\">\n\t\t\t\t\t<time class=\"published\" datetime=\"2023-12-13T19:46:53+00:00\">\n\t\t\t\t\t\t13 D\u00e9c 2023\t\t\t\t\t<\/time>\n\t\t\t\t<\/div>\n\n\t\t\t\t<div class=\"wd-modified-date\">\n\t\t\t\t\t\t\t<time class=\"updated\" datetime=\"2025-08-23T11:22:28+00:00\">\n\t\t\tao\u00fbt 23, 2025\t\t<\/time>\n\t\t\t\t\t\t<\/div>\n\t\t\t\t\t<\/div>\n\n\t\t\t\t\t<h3 class=\"wd-post-title wd-entities-title title post-title\">\n\t\t\t\t<a href=\"https:\/\/evnews.ma\/industry-news\/vehicules-electriques-vs-voitures-a-essence-conduire-un-ve-est-il-plus-economique\/\" rel=\"bookmark\">\n\t\t\t\t\tV\u00e9hicules \u00c9lectriques vs. Voitures \u00e0 Essence : Conduire un VE est-il Plus \u00c9conomique ?\t\t\t\t<\/a>\n\t\t\t<\/h3>\n\t\t\n\t\t\t\t\t<div class=\"wd-post-excerpt\">\n\t\t\t\t\t\t\t\t\t\t\t\t\t\t\t\t<\/div>\n\t\t\n\t\t\t\t\t\t\t\t\t\t<div class=\"wd-post-read-more wd-style-link read-more-section\">\n\t\t\t\t\t\t<a class=\"\" href=\"https:\/\/evnews.ma\/industry-news\/vehicules-electriques-vs-voitures-a-essence-conduire-un-ve-est-il-plus-economique\/\">Continue reading<\/a>\t\t\t\t\t<\/div>\n\t\t\t\t\t\t\t<\/div>\n\n\t<\/article>\n\t\t\t\t\t\t\t\t\t\t\t\n<article id=\"post-2074\" class=\"wd-post blog-design-meta-image blog-post-loop blog-style-flat wd-col post-2074 post type-post status-publish format-standard hentry category-technology tag-range\">\n\t\n\t<div class=\"wd-post-thumb\">\n\t\t\t\t\t<div class=\"wd-post-img\">\n\t\t\t\t\t\t\t<\/div>\n\t\t\n\t\t\t\t<a class=\"wd-post-link wd-fill\" href=\"https:\/\/evnews.ma\/technology\/wltp-et-epa-range-difference\/\" rel=\"bookmark\" aria-label=\"Link on post WLTP et EPA range difference\"><\/a>\n\n\t\t\t\t\t<div class=\"wd-post-header\">\n\t\t\t\t\t\t\t\t<div class=\"wd-post-author wd-meta-author\">\n\t\t\t\t\t\t\t\n\t\t\t\t\t<img alt='author-avatar' src='https:\/\/secure.gravatar.com\/avatar\/fe851fa594f3e9be9d58ed4f8bb190cbf95da889f550d1c731cc38e1e179d14b?s=22&#038;d=mm&#038;r=g' srcset='https:\/\/secure.gravatar.com\/avatar\/fe851fa594f3e9be9d58ed4f8bb190cbf95da889f550d1c731cc38e1e179d14b?s=44&#038;d=mm&#038;r=g 2x' class='avatar avatar-22 photo' height='22' width='22' decoding='async'\/>\t\t\n\t\t\t\t\t<a href=\"https:\/\/evnews.ma\/author\/salimzahidi\/\" class=\"author\" rel=\"author\">Salim Zahidi<\/a>\n\t\t\t\t\t\t\t\t<\/div>\n\n\t\t\t\t<div class=\"wd-post-actions\">\n\t\t\t\t\t\t\t\t\t\t\t<div class=\"wd-post-share wd-tltp\">\n\t\t\t\t\t\t\t<div class=\"tooltip top\">\n\t\t\t\t\t\t\t\t<div class=\"tooltip-inner\">\n\t\t\t\t\t\t\t\t\t\t\t\t<div\n\t\t\t\t\t\tclass=\" wd-social-icons wd-style-default wd-size-small social-share wd-shape-circle color-scheme-light text-center\">\n\t\t\t\t\n\t\t\t\t\n\t\t\t\t\t\t\t\t\t<a rel=\"noopener noreferrer nofollow\" href=\"https:\/\/www.facebook.com\/sharer\/sharer.php?u=https:\/\/evnews.ma\/technology\/wltp-et-epa-range-difference\/\" target=\"_blank\" class=\" wd-social-icon social-facebook\" aria-label=\"Facebook social link\">\n\t\t\t\t\t\t<span class=\"wd-icon\"><\/span>\n\t\t\t\t\t\t\t\t\t\t\t<\/a>\n\t\t\t\t\n\t\t\t\t\t\t\t\t\t<a rel=\"noopener noreferrer nofollow\" href=\"https:\/\/x.com\/share?url=https:\/\/evnews.ma\/technology\/wltp-et-epa-range-difference\/\" target=\"_blank\" class=\" wd-social-icon social-twitter\" aria-label=\"X social link\">\n\t\t\t\t\t\t<span class=\"wd-icon\"><\/span>\n\t\t\t\t\t\t\t\t\t\t\t<\/a>\n\t\t\t\t\n\t\t\t\t\n\t\t\t\t\n\t\t\t\t\n\t\t\t\t\n\t\t\t\t\n\t\t\t\t\t\t\t\t\t<a rel=\"noopener noreferrer nofollow\" href=\"https:\/\/pinterest.com\/pin\/create\/button\/?url=https:\/\/evnews.ma\/technology\/wltp-et-epa-range-difference\/&media=https:\/\/evnews.ma\/wp-includes\/images\/media\/default.svg&description=WLTP+et+EPA+range+difference\" target=\"_blank\" class=\" wd-social-icon social-pinterest\" aria-label=\"Pinterest social link\">\n\t\t\t\t\t\t<span class=\"wd-icon\"><\/span>\n\t\t\t\t\t\t\t\t\t\t\t<\/a>\n\t\t\t\t\n\t\t\t\t\n\t\t\t\t\t\t\t\t\t<a rel=\"noopener noreferrer nofollow\" href=\"https:\/\/www.linkedin.com\/shareArticle?mini=true&url=https:\/\/evnews.ma\/technology\/wltp-et-epa-range-difference\/\" target=\"_blank\" class=\" wd-social-icon social-linkedin\" aria-label=\"Linkedin social link\">\n\t\t\t\t\t\t<span class=\"wd-icon\"><\/span>\n\t\t\t\t\t\t\t\t\t\t\t<\/a>\n\t\t\t\t\n\t\t\t\t\n\t\t\t\t\n\t\t\t\t\n\t\t\t\t\n\t\t\t\t\n\t\t\t\t\n\t\t\t\t\n\t\t\t\t\n\t\t\t\t\n\t\t\t\t\n\t\t\t\t\n\t\t\t\t\n\t\t\t\t\n\t\t\t\t\n\t\t\t\t\t\t\t\t\t<a rel=\"noopener noreferrer nofollow\" href=\"https:\/\/telegram.me\/share\/url?url=https:\/\/evnews.ma\/technology\/wltp-et-epa-range-difference\/\" target=\"_blank\" class=\" wd-social-icon social-tg\" aria-label=\"Telegram social link\">\n\t\t\t\t\t\t<span class=\"wd-icon\"><\/span>\n\t\t\t\t\t\t\t\t\t\t\t<\/a>\n\t\t\t\t\n\t\t\t\t\n\t\t\t<\/div>\n\n\t\t\t\t\t\t\t\t\t\t<\/div>\n\t\t\t\t\t\t\t\t<div class=\"tooltip-arrow\"><\/div>\n\t\t\t\t\t\t\t<\/div>\n\t\t\t\t\t\t<\/div>\n\t\t\t\t\t\n\t\t\t\t\t\t\t\t\t<\/div>\n\t\t\t<\/div>\n\t\t\t<\/div>\n\n\t<div class=\"wd-post-content\">\n\t\t<div class=\"wd-post-meta wd-post-entry-meta\">\n\t\t\t\n\t\t\t\t\t\t\t<div class=\"wd-post-cat wd-style-default\">\n\t\t\t\t\t<a href=\"https:\/\/evnews.ma\/category\/technology\/\" rel=\"category tag\">Technology<\/a>\t\t\t\t<\/div>\n\t\t\t\n\t\t\t\t\t\t\t<div class=\"wd-post-date wd-style-default\">\n\t\t\t\t\t<time class=\"published\" datetime=\"2023-11-20T17:31:27+00:00\">\n\t\t\t\t\t\t20 Nov 2023\t\t\t\t\t<\/time>\n\t\t\t\t<\/div>\n\n\t\t\t\t<div class=\"wd-modified-date\">\n\t\t\t\t\t\t\t<time class=\"updated\" datetime=\"2025-08-23T11:22:28+00:00\">\n\t\t\tao\u00fbt 23, 2025\t\t<\/time>\n\t\t\t\t\t\t<\/div>\n\t\t\t\t\t<\/div>\n\n\t\t\t\t\t<h3 class=\"wd-post-title wd-entities-title title post-title\">\n\t\t\t\t<a href=\"https:\/\/evnews.ma\/technology\/wltp-et-epa-range-difference\/\" rel=\"bookmark\">\n\t\t\t\t\tWLTP et EPA range difference\t\t\t\t<\/a>\n\t\t\t<\/h3>\n\t\t\n\t\t\t\t\t<div class=\"wd-post-excerpt\">\n\t\t\t\t\t\t\t\t\t\t\t\t\t\t\t\t<\/div>\n\t\t\n\t\t\t\t\t\t\t\t\t\t<div class=\"wd-post-read-more wd-style-link read-more-section\">\n\t\t\t\t\t\t<a class=\"\" href=\"https:\/\/evnews.ma\/technology\/wltp-et-epa-range-difference\/\">Continue reading<\/a>\t\t\t\t\t<\/div>\n\t\t\t\t\t\t\t<\/div>\n\n\t<\/article>\n\t\t\t\t\t\n\t\t\t\t\t","status":"no-more-posts","nextPage":"?woo_ajax=1","currentPage":"https:\/\/evnews.ma\/author\/salimzahidi\/page\/2"}